{"id":952,"date":"2024-07-17T06:03:59","date_gmt":"2024-07-17T03:03:59","guid":{"rendered":"http:\/\/vremea.ido.ro\/stiri\/?p=952"},"modified":"2024-07-17T10:47:36","modified_gmt":"2024-07-17T07:47:36","slug":"ingrijire-plete-vara","status":"publish","type":"post","link":"https:\/\/vremea.ido.ro\/stiri\/952-ingrijire-plete-vara-952\/","title":{"rendered":"\u00cengrijirea p\u0103rului vara"},"content":{"rendered":"<p><img loading=\"lazy\" decoding=\"async\" src=\"\/\/vremea.ido.ro\/stiri\/wp-content\/uploads\/2013\/08\/parul-vara.jpg\" alt=\"ingrijire par vara\" width=\"300\" height=\"101\" class=\"aligncenter size-full wp-image-968\" \/><br \/>\nA\u0219a cum vremea canicular\u0103 de vara d\u0103uneaz\u0103 pielii, tot at\u00e2t de repede poate s\u0103 \u00ee\u021bi deterioreze \u0219i p\u0103rul. Apa s\u0103rat\u0103 din mare \u0219i clorul din piscin\u0103 reprezint\u0103 \u0219i ele alt inamic pentru pletele noastre. Un rezultat nu tocmai dorit va ar\u0103ta cam a\u0219a: Dup\u0103 c\u00e2teva s\u0103pt\u0103m\u00e2ni de var\u0103, p\u0103rul care a fost odat\u0103 str\u0103lucitor \u0219i u\u0219or de aranjat va ar\u0103ta \u0219i \u00eel vei sim\u021bi de-a dreptul ars.<br \/>\n<!--more--><br \/>\nExpresia &#8222;p\u0103r ars&#8221; nu este doar o figur\u0103 de stil. Jessica J. Krant, un dermatolog din New York, spune c\u0103 razele ultraviolete ale soarelui, de fapt &#8222;g\u0103tesc firul de p\u0103r.&#8221; Prejudiciul este cel mai evident atunci c\u00e2nd vom vedea parul vopsit devenit decolorat, albit sau al\u0103miu.<\/p>\n<p>P\u00e2n\u0103 \u0219i p\u0103rul care nu este vopsit va suferi de stresul indus de soare. <a href=\"http:\/\/vremea.ido.ro\/ultraviolete.php\" title=\"Raze UV soare\">Razele UV<\/a> usuc\u0103 p\u0103rul \u0219i \u00eei aspresc cuticula care este neted\u0103 \u00een mod normal, sau stratul exterior al firului de p\u0103r.<\/p>\n<p><strong>Factorul de electrizare<\/strong><\/p>\n<p>Cu c\u00e2t este p\u0103rul mai uscat, cu at\u00e2t este mai posibil s\u0103 sufere din cauza unei maladii de var\u0103 mai enervant\u0103 dec\u00e2t \u00een\u021bep\u0103turile de \u021b\u00e2n\u021bar: <em>electrizarea<\/em>.<\/p>\n<p>Asta pentru c\u0103 p\u0103rul uscat absoarbe extra-umiditatea din aer, provoc\u00e2nd firul de p\u0103r s\u0103 se umfle \u0219i conduc\u00e2nd la \u00eentreruperi \u00een cadrul cuticulei. Firele de p\u0103r vor pleca \u00een toate direc\u021biile, numai s\u0103 nu stea cum trebuie. <\/p>\n<p><strong>Deteriorarea cauzat\u0103 de \u00eenot <\/strong><\/p>\n<p>Chiar \u0219i \u00eenotul face r\u0103u p\u0103rului t\u0103u. Faci o baie \u00eentr-o piscin\u0103 \u0219i, \u00een timp ce tu \u00eeno\u021bi \u00een bras, clorul este cel care \u00ee\u021bi alung\u0103 uleiurile naturale de protec\u021bie ale p\u0103rului. Daca e\u0219ti blond\u0103, este foarte posibil s\u0103-\u021bi g\u0103se\u0219ti \u0219uvi\u021bele \u00eentr-o culoare verzuie nu tocmai frumoas\u0103. <\/p>\n<p>Acest lucru este determinat de moleculele de cupru \u0219i alte substan\u021be chimice din piscin\u0103 care se leag\u0103 de proteinele din firul de p\u0103r. <\/p>\n<p>O baie <a href=\"http:\/\/vremea.ido.ro\/Constanta.htm\" title=\"Vremea la Marea Neagra\">\u00een mare<\/a> va d\u0103una p\u0103rului \u00eentr-un alt mod. Apa de mare are un con\u021binut ridicat de sare \u0219i dezhidrateaz\u0103 p\u0103rul \u0219i pielea, spune dr. Krant. Vom pleca de pe litoral cu degete de culoarea prunei \u0219i cu p\u0103rul uscat.<\/p>\n<p><strong>Sfaturi pentru un p\u0103r s\u0103n\u0103tos \u0219i minunat \u00een timpul verii <\/strong><\/p>\n<p>Anotimpul estival nu trebuie s\u0103 fie un sezon al zilelor mohor\u00e2te pentru p\u0103rul t\u0103u. Cu pu\u021bin\u0103 grij\u0103 \u00een plus p\u0103rul t\u0103u poate ar\u0103ta foarte bine chiar \u0219i zilele cu o <a href=\"http:\/\/vremea.ido.ro\/stiri\/66-cum-ne-aparam-de-canicula-66\/\">vreme canicular\u0103<\/a>. <\/p>\n<p>Iat\u0103 c\u00e2teva sfaturi pentru \u00eembl\u00e2nzirea firelor de p\u0103r de la Krant \u0219i Julia Papworth, un hairstylist celebru care a lucrat cu vedete, printre care Cameron Diaz, Elijah Wood, \u0219i Sarah Silverman.<\/p>\n<p>1. \u00cencepe vara cu o tunsoare! Vei sc\u0103pa de v\u00e2rfuri despicate \u0219i \u00ee\u021bi vei re\u00eemprosp\u0103ta stilul. S-ar putea s\u0103 ai nevoie de o tunsoare \u0219i pe la mijlocul sezonului, de asemenea. P\u0103rul \u00eentr-adev\u0103r cre\u0219te mai repede \u00een timpul verii.<\/p>\n<p>2. Protejeaz\u0103-\u021bi p\u0103rul de soare! F\u0103 un obicei zilnic din a aplica un produs de \u00eengrijire a p\u0103rului, care con\u021bine filtre UV (acestea pot fi sub form\u0103 de spray, gel sau crem\u0103). Aceste produse protejeaz\u0103 parul de daunele soarelui \u0219i \u00eel ajut\u0103 s\u0103-\u0219i p\u0103streze culoarea. Dac\u0103 vei petrece perioade \u00eendelungate \u00een aer liber, poart\u0103 o p\u0103l\u0103rie cu boruri largi. Nu numai c\u0103 va proteja firele de p\u0103r, dar va proteja, de asemenea, \u0219i scalpul \u0219i urechile, zone care sunt vulnerabile pentru cancerul de piele.<\/p>\n<p>3. Spal\u0103-\u021bi p\u0103rul \u00eenainte de a intra \u00een ap\u0103! Dac\u0103 p\u0103rul t\u0103u este ud cu ap\u0103 curat\u0103 sau balsam, nu va absorbi la fel de mult\u0103 ap\u0103 s\u0103rat\u0103 sau produse chimice din piscin\u0103, spune Papworth. Este, de asemenea, o idee bun\u0103 s\u0103 \u00eencerci s\u0103 \u00ee\u021bi cl\u0103te\u0219ti p\u0103rul dup\u0103 ce ie\u0219i din apa. Dac\u0103 nu exist\u0103 un du\u0219 \u00een apropiere, p\u0103streaz\u0103 o sticla cu pulverizator umplut\u0103 cu ap\u0103 proasp\u0103t\u0103.<\/p>\n<p>4. Trece la un \u0219ampon hidratant \u0219i la un balsam. Ai putea s\u0103 \u00ee\u021bi speli p\u0103rul chiar mai des pentru a face fa\u021b\u0103 transpira\u021biei \u0219i prafului de var\u0103. Papworth sugereaz\u0103 folosirea unui clarificator sau a unui \u0219ampon anti-reziduuri o dat\u0103 pe s\u0103pt\u0103m\u00e2n\u0103 pentru a \u00eenl\u0103tura depunerile de produse \u0219i substan\u021be chimice. Doar asigur\u0103-te c\u0103 tratamentul este apoi urmat de un tratament cu balsam. <\/p>\n<p>5. Las\u0103 instrumentele fierbin\u021bi deoparte. Cel pu\u021bin o dat\u0103 sau de dou\u0103 ori pe s\u0103pt\u0103m\u00e2n\u0103, acord\u0103 p\u0103rului t\u0103u o pauz\u0103 de la loviturile usc\u0103torului sau ale pl\u0103cii de p\u0103r. Papworth recomand\u0103 sp\u0103larea p\u0103rului pe timp de noapte \u0219i prinderea lui \u00eentr-un coc, cu o panglic\u0103, sau \u00eentr-o coad\u0103 de cal \u00eenainte de a te duce la culcare. &#8222;C\u00e2nd te vei trezi, p\u0103rul t\u0103u va fi \u00een valuri \u0219i va ar\u0103ta foarte bine&#8221;. Este look-ul perfect pentru week-end, f\u0103c\u00e2ndu-l s\u0103 arate minunat cu accesorii cum ar fi o band\u0103 sub\u021bire sau agrafe dr\u0103gu\u021be.<\/p>\n<p>6. P\u0103c\u0103le\u0219te electrizarea! P\u0103rul care este s\u0103n\u0103tos \u0219i bine \u00eentre\u021binut este cea mai bun\u0103 ap\u0103rare \u00eempotriva electriz\u0103rii. Al\u0103turi de tratamente regulate \u0219i balsamuri de p\u0103r, o pic\u0103tur\u0103 sau dou\u0103 de ulei anti-electrizare sau ser de acela\u0219i tip pot ajuta p\u0103rul neted \u0219i vor ad\u0103uga un plus de  str\u0103lucire. Papworth recomand\u0103 produsele care con\u021bin ulei de argan, \u00eens\u0103 doar o pic\u0103tur\u0103, mai ales dac\u0103 p\u0103rul e delicat sau moale. <\/p>\n<p><em>Trebuie \u00eens\u0103 s\u0103 recunoa\u0219tem: c\u00e2nd aerul este \u00eenc\u0103rcat de umiditate, va fi destul de greu s\u0103 evit\u0103m electrizarea. Nu-\u021bi pierde deci toat\u0103 vara \u00eencerc\u00e2nd sa lup\u021bi \u00eempotriva ei. \u00cen schimb, g\u0103se\u0219te-\u021bi o coafur\u0103 dr\u0103gu\u021b\u0103 precum coada de cal, numai bun\u0103 pentru mare, sau o panglic\u0103 lateral\u0103 pentru acele zile \u00een care <a href=\"http:\/\/vremea.ido.ro\/prognoza-meteo.php\">prognoza noastr\u0103 meteo<\/a> arat\u0103 c\u0103 umiditatea din atmosfer\u0103 este foarte mare.<\/em><\/p>\n","protected":false},"excerpt":{"rendered":"<p>A\u0219a cum vremea canicular\u0103 de vara d\u0103uneaz\u0103 pielii, tot at\u00e2t de repede poate s\u0103 \u00ee\u021bi deterioreze \u0219i p\u0103rul. Apa s\u0103rat\u0103 din mare \u0219i clorul din piscin\u0103 reprezint\u0103 \u0219i ele alt inamic pentru pletele noastre. Un rezultat nu tocmai dorit va &hellip; <a href=\"https:\/\/vremea.ido.ro\/stiri\/952-ingrijire-plete-vara-952\/\">Continuarea <span class=\"meta-nav\">&rarr;<\/span><\/a><\/p>\n","protected":false},"author":4,"featured_media":0,"comment_status":"open","ping_status":"closed","sticky":false,"template":"","format":"standard","meta":{"footnotes":""},"categories":[7],"tags":[14],"class_list":["post-952","post","type-post","status-publish","format-standard","hentry","category-utile","tag-vara"],"_links":{"self":[{"href":"https:\/\/vremea.ido.ro\/stiri\/wp-json\/wp\/v2\/posts\/952","targetHints":{"allow":["GET"]}}],"collection":[{"href":"https:\/\/vremea.ido.ro\/stiri\/wp-json\/wp\/v2\/posts"}],"about":[{"href":"https:\/\/vremea.ido.ro\/stiri\/wp-json\/wp\/v2\/types\/post"}],"author":[{"embeddable":true,"href":"https:\/\/vremea.ido.ro\/stiri\/wp-json\/wp\/v2\/users\/4"}],"replies":[{"embeddable":true,"href":"https:\/\/vremea.ido.ro\/stiri\/wp-json\/wp\/v2\/comments?post=952"}],"version-history":[{"count":7,"href":"https:\/\/vremea.ido.ro\/stiri\/wp-json\/wp\/v2\/posts\/952\/revisions"}],"predecessor-version":[{"id":2979,"href":"https:\/\/vremea.ido.ro\/stiri\/wp-json\/wp\/v2\/posts\/952\/revisions\/2979"}],"wp:attachment":[{"href":"https:\/\/vremea.ido.ro\/stiri\/wp-json\/wp\/v2\/media?parent=952"}],"wp:term":[{"taxonomy":"category","embeddable":true,"href":"https:\/\/vremea.ido.ro\/stiri\/wp-json\/wp\/v2\/categories?post=952"},{"taxonomy":"post_tag","embeddable":true,"href":"https:\/\/vremea.ido.ro\/stiri\/wp-json\/wp\/v2\/tags?post=952"}],"curies":[{"name":"wp","href":"https:\/\/api.w.org\/{rel}","templated":true}]}}