{"id":7906,"date":"2026-09-05T10:09:49","date_gmt":"2026-09-05T07:09:49","guid":{"rendered":"https:\/\/vremea.ido.ro\/stiri\/7906-cod-galben-5-septembrie-temperaturi-deosebit-de-ridicate-canicula-si-disconfort-termic-ridicat-cod-galben-5-septembrie-intensificari-ale-vantului-si-vijelii-cod-galben-5-6-septembrie-i-7906\/"},"modified":"2026-09-05T10:58:59","modified_gmt":"2026-09-05T07:58:59","slug":"cod-galben-5-septembrie-temperaturi-deosebit-de-ridicate-canicula-si-disconfort-termic-ridicat-cod-galben-5-septembrie-intensificari-ale-vantului-si-vijelii-cod-galben-5-6-septembrie-i","status":"publish","type":"post","link":"https:\/\/vremea.ido.ro\/stiri\/7906-cod-galben-5-septembrie-temperaturi-deosebit-de-ridicate-canicula-si-disconfort-termic-ridicat-cod-galben-5-septembrie-intensificari-ale-vantului-si-vijelii-cod-galben-5-6-septembrie-i-7906\/","title":{"rendered":"Cod galben 5 septembrie: temperaturi deosebit de ridicate, canicul\u0103 \u0219i disconfort termic ridicat. Cod galben 5 \u2013 6 septembrie: intensific\u0103ri ale v\u00e2ntului."},"content":{"rendered":"<div class=\"anm-wp-avz\" data-anm-expira=\"1788631200\" data-anm-expira-text=\"5 septembrie 2026, ora 21:00\">\n<h2>Cod galben 5 septembrie: temperaturi deosebit de ridicate, canicul\u0103 \u0219i disconfort termic ridicat<\/h2>\n<div class=\"anm-wp-harta\" data-anm-harta=\"31\">\n<p><img src=\"https:\/\/vremea.ido.ro\/avertizari\/maps\/warning-31.svg\" width=\"2000\" height=\"1431\" loading=\"lazy\" decoding=\"async\" style=\"max-width:100%;height:auto\" alt=\"Harta jude\u021belor vizate: Cod galben \u2014 temperaturi deosebit de ridicate, canicul\u0103 \u0219i disconfort termic ridicat\"><\/p>\n<\/div>\n<p><strong>MESAJ 1\/3<\/strong><\/p>\n<p><strong>ATEN\u021aIONARE METEOROLOGIC\u0102<br \/><\/strong><strong>COD GALBEN<\/strong><\/p>\n<p><strong>Valabil: 5 septembrie, ora 10 \u2013 5 septembrie, ora 21<br \/><\/strong><strong>Fenomene: temperaturi deosebit de ridicate, canicul\u0103 \u0219i disconfort termic ridicat<br \/><\/strong><strong>Zone: Banat, Oltenia, Muntenia, Dobrogea, cea mai mare parte a Moldovei, sudul Cri\u0219anei \u0219i al Transilvaniei<\/strong><\/p>\n<p>S\u00e2mb\u0103t\u0103 (5 septembrie) \u00een Banat, Oltenia, Muntenia, Dobrogea, cea mai mare parte a Moldovei, sudul Cri\u0219anei \u0219i al Transilvaniei, vor fi temperaturi deosebit de ridicate \u0219i local canicul\u0103. Disconfortul termic va fi ridicat, iar indicele temperatur\u0103-umezeal\u0103 (ITU) se va situa \u00een jurul pragului critic de 80 de unit\u0103\u021bi. Temperaturile maxime se vor situa \u00eentre 30 \u0219i 36 de grade, cu cele mai mari valori \u00een Banat \u0219i Oltenia.<\/p>\n<\/div>\n<div class=\"anm-wp-avz\" data-anm-expira=\"1788631200\" data-anm-expira-text=\"5 septembrie 2026, ora 21:00\">\n<h2>Cod galben 5 septembrie: intensific\u0103ri ale v\u00e2ntului \u0219i vijelii<\/h2>\n<div class=\"anm-wp-harta\" data-anm-harta=\"32\">\n<p><img src=\"https:\/\/vremea.ido.ro\/avertizari\/maps\/warning-32.svg\" width=\"2000\" height=\"1431\" loading=\"lazy\" decoding=\"async\" style=\"max-width:100%;height:auto\" alt=\"Harta jude\u021belor vizate: Cod galben \u2014 intensific\u0103ri ale v\u00e2ntului \u0219i vijelii\"><\/p>\n<\/div>\n<p><strong>ATEN\u021aIONARE METEOROLOGIC\u0102<br \/><\/strong><strong>COD GALBEN<\/strong><\/p>\n<p><strong>Valabil: <\/strong><strong>05 septembrie, ora 12:00 \u2013 05 septembrie, ora 21:00<br \/><\/strong><strong>Fenomene: intensific\u0103ri ale v\u00e2ntului \u0219i vijelii<br \/><\/strong><strong>Zone: Banat, cea mai mare parte a Cri\u0219anei, vestul Transilvaniei, jum\u0103tatea de nord a Moldovei, Carpa\u021bii Occidentali \u0219i nordul Carpa\u021bilor Orientali<\/strong><\/p>\n<p>\u00cen intervalul men\u021bionat \u00een Banat, cea mai mare parte a Cri\u0219anei, vestul Transilvaniei \u0219i \u00een jum\u0103tatea de nord a Moldovei vor fi intensific\u0103ri ale v\u00e2ntului \u0219i vijelii cu viteze de 50&#8230;70 km\/h. \u00cen special \u00een zona \u00eenalt\u0103 a Carpa\u021bilor Occidentali \u0219i \u00een nordul Carpa\u021bilor Orientali vor fi rafale \u00een general de 70&#8230;90 km\/h.<\/p>\n<\/div>\n<div class=\"anm-wp-avz\" data-anm-expira=\"1788674400\" data-anm-expira-text=\"6 septembrie 2026, ora 09:00\">\n<h2>Cod galben 5 \u2013 6 septembrie: intensific\u0103ri ale v\u00e2ntului<\/h2>\n<div class=\"anm-wp-harta\" data-anm-harta=\"33\">\n<p><img src=\"https:\/\/vremea.ido.ro\/avertizari\/maps\/warning-33.svg\" width=\"2000\" height=\"1431\" loading=\"lazy\" decoding=\"async\" style=\"max-width:100%;height:auto\" alt=\"Harta jude\u021belor vizate: Cod galben \u2014 intensific\u0103ri ale v\u00e2ntului\"><\/p>\n<\/div>\n<p><strong>MESAJ 2\/3<\/strong><\/p>\n<p><strong>ATEN\u021aIONARE METEOROLOGIC\u0102<br \/><\/strong><strong>COD GALBEN<\/strong><\/p>\n<p><strong>Valabil: <\/strong><strong>05 septembrie, ora 21:00 \u2013 06 septembrie, ora 09:00<br \/><\/strong><strong>Fenomene: intensific\u0103ri ale v\u00e2ntului<br \/><\/strong><strong>Zone: zonele montane<\/strong><\/p>\n<p>\u00cen noaptea de s\u00e2mb\u0103t\u0103 spre duminic\u0103 (5\/6 septembrie) v\u00e2ntul va continua s\u0103 prezinte intensific\u0103ri \u00een cea mai mare parte a zonei de munte \u00een general cu viteze de 70&#8230;80 km\/h, iar pe crestele Carpa\u021bilor Meridionali \u0219i de Curbur\u0103 de peste 90 km\/h.<\/p>\n<p>Not\u0103: intensific\u0103ri ale v\u00e2ntului vor fi local \u0219i \u00een regiunile estice \u00een general cu viteze de 40&#8230;50 km\/h.<\/p>\n<\/div>\n<div class=\"anm-wp-avz\" data-anm-expira=\"1788717600\" data-anm-expira-text=\"6 septembrie 2026, ora 21:00\">\n<h2>Cod galben 6 septembrie: intensific\u0103ri ale v\u00e2ntului<\/h2>\n<div class=\"anm-wp-harta\" data-anm-harta=\"34\">\n<p><img src=\"https:\/\/vremea.ido.ro\/avertizari\/maps\/warning-34.svg\" width=\"2000\" height=\"1431\" loading=\"lazy\" decoding=\"async\" style=\"max-width:100%;height:auto\" alt=\"Harta jude\u021belor vizate: Cod galben \u2014 intensific\u0103ri ale v\u00e2ntului\"><\/p>\n<\/div>\n<p><strong>MESAJ 3\/3<\/strong><\/p>\n<p><strong>ATEN\u021aIONARE METEOROLOGIC\u0102<br \/><\/strong><strong>COD GALBEN<\/strong><\/p>\n<p><strong>Valabil: <\/strong><strong>06 septembrie, ora 09:00 \u2013 06 septembrie, ora 21:00<br \/><\/strong><strong>Fenomene: intensific\u0103ri ale v\u00e2ntului<br \/><\/strong><strong>Zone: <\/strong><strong>sud-vestul<\/strong><strong> Olteniei, sud-estul Transilvaniei, nordul Moldovei, Carpa\u021bii Orientali \u0219i Meridionali<\/strong><\/p>\n<p>Pe parcursul zilei de duminic\u0103 \u00een sud-vestul Olteniei, sud-estul Transilvaniei, nordul Moldovei vor fi viteze de 50&#8230;70 km\/h, iar \u00een zona \u00eenalt\u0103 a Carpa\u021bilor Orientali \u0219i Meridionali, temporar de peste 80&#8230;90 km\/h.<\/p>\n<p>Not\u0103: intensific\u0103ri ale v\u00e2ntului vor fi \u0219i \u00een restul teritoriului \u00een general cu viteze de 40&#8230;50 km\/h.<\/p>\n<\/div>\n","protected":false},"excerpt":{"rendered":"<p>Cod galben 5 septembrie: temperaturi deosebit de ridicate, canicul\u0103 \u0219i disconfort termic ridicat MESAJ 1\/3 ATEN\u021aIONARE METEOROLOGIC\u0102 COD GALBEN Valabil: 5 septembrie, ora 10 \u2013 5 septembrie, ora 21 Fenomene: temperaturi deosebit de ridicate, canicul\u0103 \u0219i disconfort termic ridicat Zone: &hellip; <a href=\"https:\/\/vremea.ido.ro\/stiri\/7906-cod-galben-5-septembrie-temperaturi-deosebit-de-ridicate-canicula-si-disconfort-termic-ridicat-cod-galben-5-septembrie-intensificari-ale-vantului-si-vijelii-cod-galben-5-6-septembrie-i-7906\/\">Continuarea <span class=\"meta-nav\">&rarr;<\/span><\/a><\/p>\n","protected":false},"author":1,"featured_media":0,"comment_status":"open","ping_status":"closed","sticky":false,"template":"","format":"standard","meta":{"footnotes":""},"categories":[9],"tags":[],"class_list":["post-7906","post","type-post","status-publish","format-standard","hentry","category-avertizari-meteorologice"],"_links":{"self":[{"href":"https:\/\/vremea.ido.ro\/stiri\/wp-json\/wp\/v2\/posts\/7906","targetHints":{"allow":["GET"]}}],"collection":[{"href":"https:\/\/vremea.ido.ro\/stiri\/wp-json\/wp\/v2\/posts"}],"about":[{"href":"https:\/\/vremea.ido.ro\/stiri\/wp-json\/wp\/v2\/types\/post"}],"author":[{"embeddable":true,"href":"https:\/\/vremea.ido.ro\/stiri\/wp-json\/wp\/v2\/users\/1"}],"replies":[{"embeddable":true,"href":"https:\/\/vremea.ido.ro\/stiri\/wp-json\/wp\/v2\/comments?post=7906"}],"version-history":[{"count":2,"href":"https:\/\/vremea.ido.ro\/stiri\/wp-json\/wp\/v2\/posts\/7906\/revisions"}],"predecessor-version":[{"id":7909,"href":"https:\/\/vremea.ido.ro\/stiri\/wp-json\/wp\/v2\/posts\/7906\/revisions\/7909"}],"wp:attachment":[{"href":"https:\/\/vremea.ido.ro\/stiri\/wp-json\/wp\/v2\/media?parent=7906"}],"wp:term":[{"taxonomy":"category","embeddable":true,"href":"https:\/\/vremea.ido.ro\/stiri\/wp-json\/wp\/v2\/categories?post=7906"},{"taxonomy":"post_tag","embeddable":true,"href":"https:\/\/vremea.ido.ro\/stiri\/wp-json\/wp\/v2\/tags?post=7906"}],"curies":[{"name":"wp","href":"https:\/\/api.w.org\/{rel}","templated":true}]}}