{"id":7905,"date":"2026-09-04T10:35:29","date_gmt":"2026-09-04T07:35:29","guid":{"rendered":"https:\/\/vremea.ido.ro\/stiri\/7905-cod-galben-5-septembrie-temperaturi-deosebit-de-ridicate-canicula-si-disconfort-termic-ridicat-7905\/"},"modified":"2026-09-04T10:35:29","modified_gmt":"2026-09-04T07:35:29","slug":"cod-galben-5-septembrie-temperaturi-deosebit-de-ridicate-canicula-si-disconfort-termic-ridicat","status":"publish","type":"post","link":"https:\/\/vremea.ido.ro\/stiri\/7905-cod-galben-5-septembrie-temperaturi-deosebit-de-ridicate-canicula-si-disconfort-termic-ridicat-7905\/","title":{"rendered":"Cod galben 5 septembrie: temperaturi deosebit de ridicate, canicul\u0103 \u0219i disconfort termic ridicat"},"content":{"rendered":"<div class=\"anm-wp-avz\" data-anm-expira=\"1788631200\" data-anm-expira-text=\"5 septembrie 2026, ora 21:00\">\n<h2>Cod galben 5 septembrie: temperaturi deosebit de ridicate, canicul\u0103 \u0219i disconfort termic ridicat<\/h2>\n<div class=\"anm-wp-harta\" data-anm-harta=\"30\">\n<p><img src=\"https:\/\/vremea.ido.ro\/avertizari\/maps\/warning-30.svg\" width=\"2000\" height=\"1431\" loading=\"lazy\" decoding=\"async\" style=\"max-width:100%;height:auto\" alt=\"Harta jude\u021belor vizate: Cod galben \u2014 temperaturi deosebit de ridicate, canicul\u0103 \u0219i disconfort termic ridicat\"><\/p>\n<\/div>\n<p><strong>ATEN\u021aIONARE METEOROLOGIC\u0102<br \/> <\/strong><strong>COD GALBEN<br \/>Valabil: 5 septembrie, ora 10 \u2013 5 septembrie, ora 21<br \/> Fenomene: temperaturi deosebit de ridicate, canicul\u0103 \u0219i disconfort termic ridicat<br \/> Zone: Banat, Oltenia, Muntenia, Dobrogea, cea mai mare parte a Moldovei, sudul Cri\u0219anei \u0219i al Transilvaniei <\/strong><\/p>\n<p>S\u00e2mb\u0103t\u0103 (5 septembrie) \u00een Banat, Oltenia, Muntenia, Dobrogea, cea mai mare parte a Moldovei, sudul Cri\u0219anei \u0219i al Transilvaniei, vor fi temperaturi deosebit de ridicate \u0219i local canicul\u0103. Disconfortul termic va fi ridicat, iar indicele temperatur\u0103-umezeal\u0103 (ITU) se va situa \u00een jurul pragului critic de 80 de unit\u0103\u021bi. Temperaturile maxime se vor situa \u00eentre 30 \u0219i 36 de grade, cu cele mai mari valori \u00een Banat \u0219i Oltenia.<\/p>\n<\/div>\n","protected":false},"excerpt":{"rendered":"<p>Cod galben 5 septembrie: temperaturi deosebit de ridicate, canicul\u0103 \u0219i disconfort termic ridicat ATEN\u021aIONARE METEOROLOGIC\u0102 COD GALBEN Valabil: 5 septembrie, ora 10 \u2013 5 septembrie, ora 21 Fenomene: temperaturi deosebit de ridicate, canicul\u0103 \u0219i disconfort termic ridicat Zone: Banat, Oltenia, &hellip; <a href=\"https:\/\/vremea.ido.ro\/stiri\/7905-cod-galben-5-septembrie-temperaturi-deosebit-de-ridicate-canicula-si-disconfort-termic-ridicat-7905\/\">Continuarea <span class=\"meta-nav\">&rarr;<\/span><\/a><\/p>\n","protected":false},"author":1,"featured_media":0,"comment_status":"open","ping_status":"closed","sticky":false,"template":"","format":"standard","meta":{"footnotes":""},"categories":[9],"tags":[],"class_list":["post-7905","post","type-post","status-publish","format-standard","hentry","category-avertizari-meteorologice"],"_links":{"self":[{"href":"https:\/\/vremea.ido.ro\/stiri\/wp-json\/wp\/v2\/posts\/7905","targetHints":{"allow":["GET"]}}],"collection":[{"href":"https:\/\/vremea.ido.ro\/stiri\/wp-json\/wp\/v2\/posts"}],"about":[{"href":"https:\/\/vremea.ido.ro\/stiri\/wp-json\/wp\/v2\/types\/post"}],"author":[{"embeddable":true,"href":"https:\/\/vremea.ido.ro\/stiri\/wp-json\/wp\/v2\/users\/1"}],"replies":[{"embeddable":true,"href":"https:\/\/vremea.ido.ro\/stiri\/wp-json\/wp\/v2\/comments?post=7905"}],"version-history":[{"count":0,"href":"https:\/\/vremea.ido.ro\/stiri\/wp-json\/wp\/v2\/posts\/7905\/revisions"}],"wp:attachment":[{"href":"https:\/\/vremea.ido.ro\/stiri\/wp-json\/wp\/v2\/media?parent=7905"}],"wp:term":[{"taxonomy":"category","embeddable":true,"href":"https:\/\/vremea.ido.ro\/stiri\/wp-json\/wp\/v2\/categories?post=7905"},{"taxonomy":"post_tag","embeddable":true,"href":"https:\/\/vremea.ido.ro\/stiri\/wp-json\/wp\/v2\/tags?post=7905"}],"curies":[{"name":"wp","href":"https:\/\/api.w.org\/{rel}","templated":true}]}}