{"id":7904,"date":"2026-08-31T10:04:41","date_gmt":"2026-08-31T07:04:41","guid":{"rendered":"https:\/\/vremea.ido.ro\/stiri\/7904-cod-galben-31-august-temperaturi-deosebit-de-ridicate-canicula-si-disconfort-termic-ridicat-7904\/"},"modified":"2026-08-31T10:04:41","modified_gmt":"2026-08-31T07:04:41","slug":"cod-galben-31-august-temperaturi-deosebit-de-ridicate-canicula-si-disconfort-termic-ridicat","status":"publish","type":"post","link":"https:\/\/vremea.ido.ro\/stiri\/7904-cod-galben-31-august-temperaturi-deosebit-de-ridicate-canicula-si-disconfort-termic-ridicat-7904\/","title":{"rendered":"Cod galben 31 august: temperaturi deosebit de ridicate, canicul\u0103 \u0219i disconfort termic ridicat"},"content":{"rendered":"<div class=\"anm-wp-avz\" data-anm-expira=\"1788199200\" data-anm-expira-text=\"31 august 2026, ora 21:00\">\n<h2>Cod galben 31 august: temperaturi deosebit de ridicate, canicul\u0103 \u0219i disconfort termic ridicat<\/h2>\n<div class=\"anm-wp-harta\" data-anm-harta=\"29\">\n<p><img src=\"https:\/\/vremea.ido.ro\/avertizari\/maps\/warning-29.svg\" width=\"2000\" height=\"1431\" loading=\"lazy\" decoding=\"async\" style=\"max-width:100%;height:auto\" alt=\"Harta jude\u021belor vizate: Cod galben \u2014 temperaturi deosebit de ridicate, canicul\u0103 \u0219i disconfort termic ridicat\"><\/p>\n<\/div>\n<p><strong>MESAJ 1\/2 <\/strong><\/p>\n<p><strong>ATEN\u021aIONARE METEOROLOGIC\u0102<\/strong><br \/><strong>COD GALBEN<\/strong><\/p>\n<p><strong>Valabil: 31 august, ora 10 \u2013 31 august, ora 21 <\/strong><\/p>\n<p><strong>Fenomene: temperaturi deosebit de ridicate, canicul\u0103 \u0219i disconfort termic ridicat <\/strong><\/p>\n<p><strong>Zone: Banat, Cri\u0219ana, Maramure\u0219, vestul Transilvaniei, vestul \u0219i sudul Olteniei \u0219i sud-vestul Munteniei<\/strong><\/p>\n<p>Luni (31 august), \u00een Banat, Cri\u0219ana, Maramure\u0219, vestul Transilvaniei, vestul \u0219i sudul Olteniei \u0219i sud-vestul Munteniei, vor fi temperaturi deosebit de ridicate \u0219i local canicul\u0103. Disconfortul termic va fi ridicat iar indicele temperatur\u0103-umezeal\u0103 (ITU) va atinge pragul critic de 80 de unit\u0103\u021bi. Temperaturile maxime se vor situa \u00eentre 33 \u0219i 37 de grade, cu cele mai mari valori \u00een C\u00e2mpia de Vest.<\/p>\n<p>Not\u0103: Mar\u021bi \u0219i miercuri (1 \u0219i 2 septembrie), vremea se va men\u021bine c\u0103lduroas\u0103 \u00een regiunile vestice \u0219i \u00een cele sudice, iar \u00een sudul Olteniei \u0219i \u00een sud-vestul Munteniei va fi disconfort termic ridicat \u0219i indicele temperatur\u0103-umezeal\u0103 (ITU) va atinge pragul critic de 80 de unit\u0103\u021bi.<\/p>\n<\/div>\n","protected":false},"excerpt":{"rendered":"<p>Cod galben 31 august: temperaturi deosebit de ridicate, canicul\u0103 \u0219i disconfort termic ridicat MESAJ 1\/2 ATEN\u021aIONARE METEOROLOGIC\u0102 COD GALBEN Valabil: 31 august, ora 10 \u2013 31 august, ora 21 Fenomene: temperaturi deosebit de ridicate, canicul\u0103 \u0219i disconfort termic ridicat Zone: &hellip; <a href=\"https:\/\/vremea.ido.ro\/stiri\/7904-cod-galben-31-august-temperaturi-deosebit-de-ridicate-canicula-si-disconfort-termic-ridicat-7904\/\">Continuarea <span class=\"meta-nav\">&rarr;<\/span><\/a><\/p>\n","protected":false},"author":1,"featured_media":0,"comment_status":"open","ping_status":"closed","sticky":false,"template":"","format":"standard","meta":{"footnotes":""},"categories":[9],"tags":[],"class_list":["post-7904","post","type-post","status-publish","format-standard","hentry","category-avertizari-meteorologice"],"_links":{"self":[{"href":"https:\/\/vremea.ido.ro\/stiri\/wp-json\/wp\/v2\/posts\/7904","targetHints":{"allow":["GET"]}}],"collection":[{"href":"https:\/\/vremea.ido.ro\/stiri\/wp-json\/wp\/v2\/posts"}],"about":[{"href":"https:\/\/vremea.ido.ro\/stiri\/wp-json\/wp\/v2\/types\/post"}],"author":[{"embeddable":true,"href":"https:\/\/vremea.ido.ro\/stiri\/wp-json\/wp\/v2\/users\/1"}],"replies":[{"embeddable":true,"href":"https:\/\/vremea.ido.ro\/stiri\/wp-json\/wp\/v2\/comments?post=7904"}],"version-history":[{"count":0,"href":"https:\/\/vremea.ido.ro\/stiri\/wp-json\/wp\/v2\/posts\/7904\/revisions"}],"wp:attachment":[{"href":"https:\/\/vremea.ido.ro\/stiri\/wp-json\/wp\/v2\/media?parent=7904"}],"wp:term":[{"taxonomy":"category","embeddable":true,"href":"https:\/\/vremea.ido.ro\/stiri\/wp-json\/wp\/v2\/categories?post=7904"},{"taxonomy":"post_tag","embeddable":true,"href":"https:\/\/vremea.ido.ro\/stiri\/wp-json\/wp\/v2\/tags?post=7904"}],"curies":[{"name":"wp","href":"https:\/\/api.w.org\/{rel}","templated":true}]}}