{"id":7491,"date":"2026-05-02T10:23:42","date_gmt":"2026-05-02T07:23:42","guid":{"rendered":"https:\/\/vremea.ido.ro\/stiri\/?p=7491"},"modified":"2026-05-02T10:23:42","modified_gmt":"2026-05-02T07:23:42","slug":"informare-meteo-2-3-mai-vreme-rece-precipitatii-si-vant","status":"publish","type":"post","link":"https:\/\/vremea.ido.ro\/stiri\/7491-informare-meteo-2-3-mai-vreme-rece-precipitatii-si-vant-7491\/","title":{"rendered":"Informare meteo 2 &#8211; 3 mai: vreme rece, precipita\u021bii \u0219i v\u00e2nt"},"content":{"rendered":"<p><strong>INFORMARE METEOROLOGIC\u0102<\/strong><\/p>\n<p><img loading=\"lazy\" decoding=\"async\" src=\"https:\/\/vremea.ido.ro\/stiri\/wp-content\/uploads\/2011\/06\/harta-romania-gri-300x213.jpg\" alt=\"\" width=\"300\" height=\"213\" class=\"aligncenter size-medium wp-image-10\" srcset=\"https:\/\/vremea.ido.ro\/stiri\/wp-content\/uploads\/2011\/06\/harta-romania-gri-300x213.jpg 300w, https:\/\/vremea.ido.ro\/stiri\/wp-content\/uploads\/2011\/06\/harta-romania-gri.jpg 315w\" sizes=\"auto, (max-width: 300px) 100vw, 300px\" \/><\/p>\n<p>Interval de valabilitate: 02 mai, ora 10:00 &#8211; 03 mai, ora 10:00<br \/>\nFenomene vizate \u0219i zone afectate: conform textului<br \/>\n<!--more--><\/p>\n<p>Vremea se va men\u021bine deosebit de rece pentru aceast\u0103 perioad\u0103 \u00een sudul, estul \u0219i local \u00een centrul \u021b\u0103rii, unde temperaturile maxime se vor \u00eencadra \u00eentre 8 \u0219i 16 grade (abateri de 8&#8230;12 grade fa\u021b\u0103 de mediile multianuale), iar minimele \u00eentre -8 \u0219i 8 grade. <\/p>\n<p>Spre sf\u00e2r\u0219itul nop\u021bii, local \u00een Transilvania \u0219i izolat \u00een Moldova, Muntenia \u0219i Maramure\u0219 se va produce brum\u0103.<\/p>\n<p>Pe parcursul zilei, local vor fi averse \u00een Moldova, Dobrogea, Muntenia, Oltenia \u0219i Transilvania. \u00cendeosebi \u00een Muntenia \u0219i Oltenia, izolat vor fi desc\u0103rc\u0103ri electrice, c\u0103deri de grindin\u0103 sau m\u0103z\u0103riche \u0219i cantit\u0103\u021bi de ap\u0103 de 10&#8230;15 l\/mp.<\/p>\n<p>\u00cen Carpa\u021bii Meridionali \u0219i Orientali vor fi precipita\u021bii mixte (ploaie, lapovi\u021b\u0103, m\u0103z\u0103riche \u0219i ninsoare).<\/p>\n<p>Ziua, v\u00e2ntul va avea intensific\u0103ri local \u00een estul \u0219i sudul \u021b\u0103rii \u0219i izolat \u00een rest, cu viteze \u00een general de 40&#8230;50 km\/h, iar \u00een zona montan\u0103 \u00eenalt\u0103 rafalele vor fi de peste 60&#8230;70 km\/h.<\/p>\n","protected":false},"excerpt":{"rendered":"<p>INFORMARE METEOROLOGIC\u0102 Interval de valabilitate: 02 mai, ora 10:00 &#8211; 03 mai, ora 10:00 Fenomene vizate \u0219i zone afectate: conform textului<\/p>\n","protected":false},"author":4,"featured_media":0,"comment_status":"open","ping_status":"closed","sticky":false,"template":"","format":"standard","meta":{"footnotes":""},"categories":[9],"tags":[],"class_list":["post-7491","post","type-post","status-publish","format-standard","hentry","category-avertizari-meteorologice"],"_links":{"self":[{"href":"https:\/\/vremea.ido.ro\/stiri\/wp-json\/wp\/v2\/posts\/7491","targetHints":{"allow":["GET"]}}],"collection":[{"href":"https:\/\/vremea.ido.ro\/stiri\/wp-json\/wp\/v2\/posts"}],"about":[{"href":"https:\/\/vremea.ido.ro\/stiri\/wp-json\/wp\/v2\/types\/post"}],"author":[{"embeddable":true,"href":"https:\/\/vremea.ido.ro\/stiri\/wp-json\/wp\/v2\/users\/4"}],"replies":[{"embeddable":true,"href":"https:\/\/vremea.ido.ro\/stiri\/wp-json\/wp\/v2\/comments?post=7491"}],"version-history":[{"count":1,"href":"https:\/\/vremea.ido.ro\/stiri\/wp-json\/wp\/v2\/posts\/7491\/revisions"}],"predecessor-version":[{"id":7492,"href":"https:\/\/vremea.ido.ro\/stiri\/wp-json\/wp\/v2\/posts\/7491\/revisions\/7492"}],"wp:attachment":[{"href":"https:\/\/vremea.ido.ro\/stiri\/wp-json\/wp\/v2\/media?parent=7491"}],"wp:term":[{"taxonomy":"category","embeddable":true,"href":"https:\/\/vremea.ido.ro\/stiri\/wp-json\/wp\/v2\/categories?post=7491"},{"taxonomy":"post_tag","embeddable":true,"href":"https:\/\/vremea.ido.ro\/stiri\/wp-json\/wp\/v2\/tags?post=7491"}],"curies":[{"name":"wp","href":"https:\/\/api.w.org\/{rel}","templated":true}]}}