{"id":7489,"date":"2026-04-28T10:11:42","date_gmt":"2026-04-28T07:11:42","guid":{"rendered":"https:\/\/vremea.ido.ro\/stiri\/?p=7489"},"modified":"2026-04-28T10:11:42","modified_gmt":"2026-04-28T07:11:42","slug":"informare-meteo-29-aprilie-2-mai-racire-a-vremii-precipitatii","status":"publish","type":"post","link":"https:\/\/vremea.ido.ro\/stiri\/7489-informare-meteo-29-aprilie-2-mai-racire-a-vremii-precipitatii-7489\/","title":{"rendered":"Informare meteo 29 aprilie &#8211; 2 mai: r\u0103cire a vremii, precipita\u021bii"},"content":{"rendered":"<p>INFORMARE METEOROLOGIC\u0102<\/p>\n<p><img loading=\"lazy\" decoding=\"async\" src=\"https:\/\/vremea.ido.ro\/stiri\/wp-content\/uploads\/2011\/06\/harta-romania-gri-300x213.jpg\" alt=\"\" width=\"300\" height=\"213\" class=\"aligncenter size-medium wp-image-10\" srcset=\"https:\/\/vremea.ido.ro\/stiri\/wp-content\/uploads\/2011\/06\/harta-romania-gri-300x213.jpg 300w, https:\/\/vremea.ido.ro\/stiri\/wp-content\/uploads\/2011\/06\/harta-romania-gri.jpg 315w\" sizes=\"auto, (max-width: 300px) 100vw, 300px\" \/><\/p>\n<p>Interval de valabilitate: 29 aprilie, ora 09:00 &#8211; 02 mai, ora 10:00<br \/>\nFenomene vizate \u0219i zone afectate: conform textului<br \/>\n<!--more--><\/p>\n<p>      \u00cencep\u00e2nd de miercuri (29 aprilie) valorile termice vor fi \u00een sc\u0103dere \u00een toat\u0103 \u021bara, iar joi \u0219i vineri vremea va fi deosebit de rece pentru aceast\u0103 perioad\u0103 (abateri de 8&#8230;12 grade fa\u021b\u0103 de mediile multianuale). Pe parcursul nop\u021bilor local \u00een jum\u0103tatea de nord a \u021b\u0103rii \u0219i izolat \u00een rest se va produce brum\u0103.<\/p>\n<p>      \u00cen intervalul men\u021bionat, vor fi perioade \u00een care va ploua mai ales \u00een sudul \u0219i estul \u021b\u0103rii \u0219i prin acumulare vor fi cantit\u0103\u021bi de ap\u0103 de 10&#8230;15 l\/mp \u0219i izolat de peste 20 l\/mp.<\/p>\n<p>      La munte, dar trec\u0103tor \u0219i \u00een dealurile subcarpatice ale Moldovei \u0219i \u00een estul \u0219i sud-estul Transilvaniei vor fi precipita\u021bii mixte (ploaie, lapovi\u021b\u0103, m\u0103z\u0103riche \u0219i ninsoare), iar la altitudini \u00een general de peste 1400 m, treptat vor predomina ninsorile \u0219i se va depune strat de z\u0103pad\u0103 (5&#8230;8 cm).<\/p>\n<p>      Temporar v\u00e2ntul va avea intensific\u0103ri \u00een cea mai mare parte a \u021b\u0103rii, cu viteze \u00een general de 40&#8230;45 km\/h, iar \u00een zona montan\u0103 \u00eenalt\u0103 rafalele vor fi de peste 60&#8230;70 km\/h.<\/p>\n","protected":false},"excerpt":{"rendered":"<p>INFORMARE METEOROLOGIC\u0102 Interval de valabilitate: 29 aprilie, ora 09:00 &#8211; 02 mai, ora 10:00 Fenomene vizate \u0219i zone afectate: conform textului<\/p>\n","protected":false},"author":4,"featured_media":0,"comment_status":"open","ping_status":"closed","sticky":false,"template":"","format":"standard","meta":{"footnotes":""},"categories":[9],"tags":[],"class_list":["post-7489","post","type-post","status-publish","format-standard","hentry","category-avertizari-meteorologice"],"_links":{"self":[{"href":"https:\/\/vremea.ido.ro\/stiri\/wp-json\/wp\/v2\/posts\/7489","targetHints":{"allow":["GET"]}}],"collection":[{"href":"https:\/\/vremea.ido.ro\/stiri\/wp-json\/wp\/v2\/posts"}],"about":[{"href":"https:\/\/vremea.ido.ro\/stiri\/wp-json\/wp\/v2\/types\/post"}],"author":[{"embeddable":true,"href":"https:\/\/vremea.ido.ro\/stiri\/wp-json\/wp\/v2\/users\/4"}],"replies":[{"embeddable":true,"href":"https:\/\/vremea.ido.ro\/stiri\/wp-json\/wp\/v2\/comments?post=7489"}],"version-history":[{"count":1,"href":"https:\/\/vremea.ido.ro\/stiri\/wp-json\/wp\/v2\/posts\/7489\/revisions"}],"predecessor-version":[{"id":7490,"href":"https:\/\/vremea.ido.ro\/stiri\/wp-json\/wp\/v2\/posts\/7489\/revisions\/7490"}],"wp:attachment":[{"href":"https:\/\/vremea.ido.ro\/stiri\/wp-json\/wp\/v2\/media?parent=7489"}],"wp:term":[{"taxonomy":"category","embeddable":true,"href":"https:\/\/vremea.ido.ro\/stiri\/wp-json\/wp\/v2\/categories?post=7489"},{"taxonomy":"post_tag","embeddable":true,"href":"https:\/\/vremea.ido.ro\/stiri\/wp-json\/wp\/v2\/tags?post=7489"}],"curies":[{"name":"wp","href":"https:\/\/api.w.org\/{rel}","templated":true}]}}