{"id":7425,"date":"2026-03-05T10:04:04","date_gmt":"2026-03-05T08:04:04","guid":{"rendered":"https:\/\/vremea.ido.ro\/stiri\/?p=7425"},"modified":"2026-03-05T10:04:04","modified_gmt":"2026-03-05T08:04:04","slug":"cod-galben-6-martie-intensificari-ale-vantului-in-moldova-si-nordul-dobrogei","status":"publish","type":"post","link":"https:\/\/vremea.ido.ro\/stiri\/7425-cod-galben-6-martie-intensificari-ale-vantului-in-moldova-si-nordul-dobrogei-7425\/","title":{"rendered":"Cod galben 6 martie: intensific\u0103ri ale v\u00e2ntului \u00een Moldova \u0219i nordul Dobrogei"},"content":{"rendered":"<p><strong>INFORMARE METEOROLOGIC\u0102<\/strong><\/p>\n<p><img loading=\"lazy\" decoding=\"async\" src=\"https:\/\/vremea.ido.ro\/stiri\/wp-content\/uploads\/2011\/06\/harta-romania-gri-300x213.jpg\" alt=\"\" width=\"300\" height=\"213\" class=\"aligncenter size-medium wp-image-10\" srcset=\"https:\/\/vremea.ido.ro\/stiri\/wp-content\/uploads\/2011\/06\/harta-romania-gri-300x213.jpg 300w, https:\/\/vremea.ido.ro\/stiri\/wp-content\/uploads\/2011\/06\/harta-romania-gri.jpg 315w\" sizes=\"auto, (max-width: 300px) 100vw, 300px\" \/><\/p>\n<p>Interval de valabilitate: 5 martie, ora 11:00 \u2013 6 martie, ora 20:00<br \/>\nFenomene vizate: intensific\u0103ri ale v\u00e2ntului<br \/>\n<!--more--><\/p>\n<p>V\u00e2ntul va avea temporar intensific\u0103ri, cu viteze \u00een general de 40&#8230;45 km\/h, pe parcursul zilei de joi \u00een nordul \u0219i centrul Moldovei, iar vineri \u00een nord-estul Munteniei \u0219i \u00een sudul Dobrogei. <\/p>\n<p>Pe crestele Carpa\u021bilor de Curbur\u0103 \u0219i Meridionali rafalele vor fi de 60&#8230;65 km\/h.<\/p>\n<p><strong>ATEN\u021aIONARE METEOROLOGIC\u0102<\/p>\n<p><img loading=\"lazy\" decoding=\"async\" src=\"https:\/\/vremea.ido.ro\/stiri\/wp-content\/uploads\/2026\/03\/harta4001-300x193.png\" alt=\"\" width=\"300\" height=\"193\" class=\"aligncenter size-medium wp-image-7426\" srcset=\"https:\/\/vremea.ido.ro\/stiri\/wp-content\/uploads\/2026\/03\/harta4001-300x193.png 300w, https:\/\/vremea.ido.ro\/stiri\/wp-content\/uploads\/2026\/03\/harta4001-1024x658.png 1024w, https:\/\/vremea.ido.ro\/stiri\/wp-content\/uploads\/2026\/03\/harta4001-768x493.png 768w, https:\/\/vremea.ido.ro\/stiri\/wp-content\/uploads\/2026\/03\/harta4001.png 1404w\" sizes=\"auto, (max-width: 300px) 100vw, 300px\" \/><\/p>\n<p>COD GALBEN<\/strong><\/p>\n<p>Interval de valabilitate: 6 martie, ora 08:00 \u2013 6 martie, ora 20:00<br \/>\nFenomene vizate: intensific\u0103ri ale v\u00e2ntului<br \/>\nZone afectate: Moldova \u0219i nordul Dobrogei<\/p>\n<p>\u00cen intervalul men\u021bionat, \u00een Moldova \u0219i \u00een nordul Dobrogei v\u00e2ntul va avea temporar intensific\u0103ri cu viteze de 50&#8230;65 km\/h.<\/p>\n","protected":false},"excerpt":{"rendered":"<p>INFORMARE METEOROLOGIC\u0102 Interval de valabilitate: 5 martie, ora 11:00 \u2013 6 martie, ora 20:00 Fenomene vizate: intensific\u0103ri ale v\u00e2ntului<\/p>\n","protected":false},"author":4,"featured_media":0,"comment_status":"open","ping_status":"closed","sticky":false,"template":"","format":"standard","meta":{"footnotes":""},"categories":[9],"tags":[],"class_list":["post-7425","post","type-post","status-publish","format-standard","hentry","category-avertizari-meteorologice"],"_links":{"self":[{"href":"https:\/\/vremea.ido.ro\/stiri\/wp-json\/wp\/v2\/posts\/7425","targetHints":{"allow":["GET"]}}],"collection":[{"href":"https:\/\/vremea.ido.ro\/stiri\/wp-json\/wp\/v2\/posts"}],"about":[{"href":"https:\/\/vremea.ido.ro\/stiri\/wp-json\/wp\/v2\/types\/post"}],"author":[{"embeddable":true,"href":"https:\/\/vremea.ido.ro\/stiri\/wp-json\/wp\/v2\/users\/4"}],"replies":[{"embeddable":true,"href":"https:\/\/vremea.ido.ro\/stiri\/wp-json\/wp\/v2\/comments?post=7425"}],"version-history":[{"count":1,"href":"https:\/\/vremea.ido.ro\/stiri\/wp-json\/wp\/v2\/posts\/7425\/revisions"}],"predecessor-version":[{"id":7427,"href":"https:\/\/vremea.ido.ro\/stiri\/wp-json\/wp\/v2\/posts\/7425\/revisions\/7427"}],"wp:attachment":[{"href":"https:\/\/vremea.ido.ro\/stiri\/wp-json\/wp\/v2\/media?parent=7425"}],"wp:term":[{"taxonomy":"category","embeddable":true,"href":"https:\/\/vremea.ido.ro\/stiri\/wp-json\/wp\/v2\/categories?post=7425"},{"taxonomy":"post_tag","embeddable":true,"href":"https:\/\/vremea.ido.ro\/stiri\/wp-json\/wp\/v2\/tags?post=7425"}],"curies":[{"name":"wp","href":"https:\/\/api.w.org\/{rel}","templated":true}]}}