{"id":1559,"date":"2015-06-30T09:43:27","date_gmt":"2015-06-30T07:43:27","guid":{"rendered":"http:\/\/vremea.ido.ro\/stiri\/?p=1559"},"modified":"2015-06-30T09:43:27","modified_gmt":"2015-06-30T07:43:27","slug":"informare-meteorologica-anm-instabilitate-atmosferica-accentuata-in-30-iunie-si-1-iulie","status":"publish","type":"post","link":"https:\/\/vremea.ido.ro\/stiri\/1559-informare-meteorologica-anm-instabilitate-atmosferica-accentuata-in-30-iunie-si-1-iulie-1559\/","title":{"rendered":"Informare meteorologica ANM: instabilitate atmosferic\u0103 accentuat\u0103 \u00een 30 iunie \u0219i 1 iulie"},"content":{"rendered":"<p><img loading=\"lazy\" decoding=\"async\" src=\"http:\/\/vremea.ido.ro\/stiri\/wp-content\/uploads\/2011\/06\/harta-romania-gri.jpg\" alt=\"harta-romania-gri\" width=\"315\" height=\"224\" class=\"aligncenter size-full wp-image-10\" srcset=\"https:\/\/vremea.ido.ro\/stiri\/wp-content\/uploads\/2011\/06\/harta-romania-gri.jpg 315w, https:\/\/vremea.ido.ro\/stiri\/wp-content\/uploads\/2011\/06\/harta-romania-gri-300x213.jpg 300w\" sizes=\"auto, (max-width: 315px) 100vw, 315px\" \/><\/p>\n<p>INFORMARE METEOROLOGIC\u0102<\/p>\n<p>\u00cen intervalul 30 iunie, ora 16 \u2013 1 iulie, ora 23, \u00een Maramure\u015f, Transilvania, Oltenia, precum \u015fi \u00een zonele de deal \u015fi munte vor fi perioade de timp cu instabilitate atmosferic\u0103 accentuat\u0103 ce se va manifesta prin averse, desc\u0103rc\u0103ri electrice \u015fi intensific\u0103ri de scurt\u0103 durat\u0103 ale v\u00e2ntului.<br \/>\n<!--more--><\/p>\n<p>Fenomenele vor fi mai frecvente \u015fi mai intense \u00een cursul dup\u0103-amiezelor c\u00e2nd ploile vor avea \u015fi caracter toren\u0163ial, astfel c\u0103 pe arii restr\u00e2nse cantit\u0103\u0163ile de ap\u0103 vor dep\u0103\u015fi 20 l\/mp, iar izolat, cu prec\u0103dere \u00een Carpa\u0163ii Meridionali, vor fi de peste 40 l\/mp. Vor fi condi\u0163ii de grindin\u0103.<\/p>\n<p>\u00cen func\u0163ie de evolu\u0163ia \u015fi intensitatea fenomenelor meteorologice, Administra\u0163ia Na\u0163ional\u0103 de Meteorologie va actualiza prezentul mesaj.<\/p>\n","protected":false},"excerpt":{"rendered":"<p>INFORMARE METEOROLOGIC\u0102 \u00cen intervalul 30 iunie, ora 16 \u2013 1 iulie, ora 23, \u00een Maramure\u015f, Transilvania, Oltenia, precum \u015fi \u00een zonele de deal \u015fi munte vor fi perioade de timp cu instabilitate atmosferic\u0103 accentuat\u0103 ce se va manifesta prin averse, &hellip; <a href=\"https:\/\/vremea.ido.ro\/stiri\/1559-informare-meteorologica-anm-instabilitate-atmosferica-accentuata-in-30-iunie-si-1-iulie-1559\/\">Continuarea <span class=\"meta-nav\">&rarr;<\/span><\/a><\/p>\n","protected":false},"author":4,"featured_media":0,"comment_status":"open","ping_status":"closed","sticky":false,"template":"","format":"standard","meta":{"footnotes":""},"categories":[9],"tags":[],"class_list":["post-1559","post","type-post","status-publish","format-standard","hentry","category-avertizari-meteorologice"],"_links":{"self":[{"href":"https:\/\/vremea.ido.ro\/stiri\/wp-json\/wp\/v2\/posts\/1559","targetHints":{"allow":["GET"]}}],"collection":[{"href":"https:\/\/vremea.ido.ro\/stiri\/wp-json\/wp\/v2\/posts"}],"about":[{"href":"https:\/\/vremea.ido.ro\/stiri\/wp-json\/wp\/v2\/types\/post"}],"author":[{"embeddable":true,"href":"https:\/\/vremea.ido.ro\/stiri\/wp-json\/wp\/v2\/users\/4"}],"replies":[{"embeddable":true,"href":"https:\/\/vremea.ido.ro\/stiri\/wp-json\/wp\/v2\/comments?post=1559"}],"version-history":[{"count":1,"href":"https:\/\/vremea.ido.ro\/stiri\/wp-json\/wp\/v2\/posts\/1559\/revisions"}],"predecessor-version":[{"id":1560,"href":"https:\/\/vremea.ido.ro\/stiri\/wp-json\/wp\/v2\/posts\/1559\/revisions\/1560"}],"wp:attachment":[{"href":"https:\/\/vremea.ido.ro\/stiri\/wp-json\/wp\/v2\/media?parent=1559"}],"wp:term":[{"taxonomy":"category","embeddable":true,"href":"https:\/\/vremea.ido.ro\/stiri\/wp-json\/wp\/v2\/categories?post=1559"},{"taxonomy":"post_tag","embeddable":true,"href":"https:\/\/vremea.ido.ro\/stiri\/wp-json\/wp\/v2\/tags?post=1559"}],"curies":[{"name":"wp","href":"https:\/\/api.w.org\/{rel}","templated":true}]}}