{"id":1534,"date":"2015-06-14T11:38:39","date_gmt":"2015-06-14T09:38:39","guid":{"rendered":"http:\/\/vremea.ido.ro\/stiri\/?p=1534"},"modified":"2015-06-14T11:38:39","modified_gmt":"2015-06-14T09:38:39","slug":"actualizare-informare-meteo-anm-canicula-disconfort-termic-si-instabilitate-atmosferica-accentuata-pana-pe-16-iunie","status":"publish","type":"post","link":"https:\/\/vremea.ido.ro\/stiri\/1534-actualizare-informare-meteo-anm-canicula-disconfort-termic-si-instabilitate-atmosferica-accentuata-pana-pe-16-iunie-1534\/","title":{"rendered":"ACTUALIZARE INFORMARE METEO ANM: canicul\u0103, disconfort termic \u015fi instabilitate atmosferic\u0103 accentuat\u0103 p\u00e2n\u0103 pe 16 iunie"},"content":{"rendered":"<p><img loading=\"lazy\" decoding=\"async\" src=\"http:\/\/vremea.ido.ro\/stiri\/wp-content\/uploads\/2011\/06\/harta-romania-gri.jpg\" alt=\"harta-romania-gri\" width=\"315\" height=\"224\" class=\"aligncenter size-full wp-image-10\" srcset=\"https:\/\/vremea.ido.ro\/stiri\/wp-content\/uploads\/2011\/06\/harta-romania-gri.jpg 315w, https:\/\/vremea.ido.ro\/stiri\/wp-content\/uploads\/2011\/06\/harta-romania-gri-300x213.jpg 300w\" sizes=\"auto, (max-width: 315px) 100vw, 315px\" \/><\/p>\n<p>ACTUALIZARE INFORMARE METEOROLOGIC\u0102<br \/>\nIntervalul : 14 iunie ora 12 \u2013 16 iunie ora 23<br \/>\n<!--more--><\/p>\n<p>Duminic\u0103 14 iunie, vremea va fi c\u0103lduroas\u0103 \u00een toat\u0103 \u0163ara, local canicular\u0103 \u00een zonele de c\u00e2mpie, iar luni 15 iunie, canicula va persista \u00een C\u00e2mpia Rom\u00e2n\u0103, Podi\u015ful Moldovei \u015fi partea continental\u0103 a Dobrogei. <\/p>\n<p>Se vor \u00eenregistra temperaturi maxime \u00een jurul a 35 de grade, izolat chiar 37 de grade \u00een Lunca Dun\u0103rii, iar indicele de disconfort termic (ITU) va atinge \u015fi dep\u0103\u015fi pragul critic de 80 de unit\u0103\u0163i.<\/p>\n<p>\u00cencep\u00e2nd cu seara zilei de duminic\u0103 14 iunie, p\u00e2n\u0103 la sf\u00e2r\u015fitul zilei de mar\u0163i 16 iunie, vor fi intervale de timp cu instabilitate atmosferic\u0103 accentuat\u0103 ce se va manifesta \u00een zonele montane \u015fi submontane, \u00een Cri\u015fana, Maramure\u015f, Transilvania, Moldova \u015fi pe spa\u0163ii mai restr\u00e2nse \u00een rest. <\/p>\n<p>Vor fi averse, frecvente desc\u0103rc\u0103ri electrice \u015fi intensific\u0103ri de scurt\u0103 durat\u0103 ale v\u00e2ntului, ce vor avea trec\u0103tor aspect de vijelie. Ploile vor avea \u015fi caracter toren\u0163ial, cantit\u0103\u0163ile de ap\u0103 vor dep\u0103\u015fi local 15 l\/mp \u015fi izolat 30-40 l\/mp, cu prec\u0103dere \u00een zonele de munte. Pe arii restr\u00e2nse va c\u0103dea grindin\u0103.<\/p>\n<p>NOT\u0102: \u00cen func\u0163ie de evolu\u0163ia \u015fi intensitatea fenomenelor meteorologice, Administra\u0163ia Na\u0163ional\u0103 de Meteorologie va actualiza prezentul mesaj.<\/p>\n","protected":false},"excerpt":{"rendered":"<p>ACTUALIZARE INFORMARE METEOROLOGIC\u0102 Intervalul : 14 iunie ora 12 \u2013 16 iunie ora 23<\/p>\n","protected":false},"author":4,"featured_media":0,"comment_status":"open","ping_status":"closed","sticky":false,"template":"","format":"standard","meta":{"footnotes":""},"categories":[9],"tags":[],"class_list":["post-1534","post","type-post","status-publish","format-standard","hentry","category-avertizari-meteorologice"],"_links":{"self":[{"href":"https:\/\/vremea.ido.ro\/stiri\/wp-json\/wp\/v2\/posts\/1534","targetHints":{"allow":["GET"]}}],"collection":[{"href":"https:\/\/vremea.ido.ro\/stiri\/wp-json\/wp\/v2\/posts"}],"about":[{"href":"https:\/\/vremea.ido.ro\/stiri\/wp-json\/wp\/v2\/types\/post"}],"author":[{"embeddable":true,"href":"https:\/\/vremea.ido.ro\/stiri\/wp-json\/wp\/v2\/users\/4"}],"replies":[{"embeddable":true,"href":"https:\/\/vremea.ido.ro\/stiri\/wp-json\/wp\/v2\/comments?post=1534"}],"version-history":[{"count":1,"href":"https:\/\/vremea.ido.ro\/stiri\/wp-json\/wp\/v2\/posts\/1534\/revisions"}],"predecessor-version":[{"id":1535,"href":"https:\/\/vremea.ido.ro\/stiri\/wp-json\/wp\/v2\/posts\/1534\/revisions\/1535"}],"wp:attachment":[{"href":"https:\/\/vremea.ido.ro\/stiri\/wp-json\/wp\/v2\/media?parent=1534"}],"wp:term":[{"taxonomy":"category","embeddable":true,"href":"https:\/\/vremea.ido.ro\/stiri\/wp-json\/wp\/v2\/categories?post=1534"},{"taxonomy":"post_tag","embeddable":true,"href":"https:\/\/vremea.ido.ro\/stiri\/wp-json\/wp\/v2\/tags?post=1534"}],"curies":[{"name":"wp","href":"https:\/\/api.w.org\/{rel}","templated":true}]}}