{"id":1412,"date":"2025-12-20T11:00:29","date_gmt":"2025-12-20T09:00:29","guid":{"rendered":"http:\/\/vremea.ido.ro\/stiri\/?p=1412"},"modified":"2025-12-20T13:23:42","modified_gmt":"2025-12-20T11:23:42","slug":"cele-mai-geroase-ierni-din-istoria-romaniei","status":"publish","type":"post","link":"https:\/\/vremea.ido.ro\/stiri\/1412-cele-mai-geroase-ierni-din-istoria-romaniei-1412\/","title":{"rendered":"Cele mai geroase ierni din istoria Rom\u00e2niei"},"content":{"rendered":"<p><img loading=\"lazy\" decoding=\"async\" src=\"\/\/vremea.ido.ro\/stiri\/wp-content\/uploads\/2015\/01\/iarna-grea-1954-300x184.jpg\" alt=\"iarna-grea-1954\" width=\"300\" height=\"184\" class=\"aligncenter size-medium wp-image-1413\" srcset=\"https:\/\/vremea.ido.ro\/stiri\/wp-content\/uploads\/2015\/01\/iarna-grea-1954-300x184.jpg 300w, https:\/\/vremea.ido.ro\/stiri\/wp-content\/uploads\/2015\/01\/iarna-grea-1954.jpg 455w\" sizes=\"auto, (max-width: 300px) 100vw, 300px\" \/><\/p>\n<p>Rom\u00e2nia nu e str\u0103in\u0103 de iernile foarte geroase. Dac\u0103 acum c\u00e2teva sute de ani erau at\u00e2t de dure \u00eenc\u00e2t \u00eenghe\u021ba p\u00e2n\u0103 \u0219i Dun\u0103rea, nici secolul XX nu a fost unul din care s\u0103 lipseasc\u0103 gerurile n\u0103praznice.  <!--more--><\/p>\n<p>Potrivit celor de la <a HREF=\"http:\/\/stiri.tvr.ro\/zapezile-de-altadata--cele-mai-grele-ierni-au-fost-in-1929--1942--1954-si-1967--imagini-de-arhiva_39744.html\" TARGET=\"_blank\" rel=\"_nofollow\">TVR<\/A>, iernile din anii 1929, 1942, 1954 \u0219i 1967 au fost unele teribile, at\u00e2t prin temperaturile sc\u0103zute c\u00e2t \u0219i prin cantit\u0103\u021bile uria\u0219e de z\u0103pad\u0103 care au c\u0103zut.<\/p>\n<p>Prima dintre ele, cea mai grea din perioada \u00een care Rom\u00e2nia era regat, a venit spre sf\u00e2r\u0219itul perioadei \u201cnormale\u201d de iarn\u0103, la mijlocul lui februarie 1929. Temperaturile au sc\u0103zut atunci la minus 30 de grade \u00een mun\u021bii din \u021aara B\u00e2rsei, \u00een timp ce \u00een Capital\u0103 s-au \u00eenregistrat \u201cdoar\u201d minus 24 de grade Celsius. <\/p>\n<p>Urm\u0103toarea iarn\u0103 \u201ccriminal\u0103\u201d din secolul trecut a venit \u00een 1941-1942. \u0218i nu a fost o iarn\u0103 care a afectat Rom\u00e2nia, ci \u00eentreaga Europ\u0103. Printre altele, aceast\u0103 iarn\u0103 a salvat, probabil, Uniunea Sovietic\u0103 de la distrugere \u00een fa\u021ba Germaniei lui Hitler. Atunci, av\u00e2ntul armatelor naziste care \u00eei \u201cspulberaser\u0103\u201d pe sovietici \u00een prima faz\u0103 a fost oprit de \u201cgeneralul iarn\u0103\u201d, iar Armata Ro\u0219ie a putut s\u0103 se redreseze \u0219i s\u0103 \u00eenceap\u0103 contraofensiva care s-a terminat doar prin cucerirea capitalei inamice. <\/p>\n<p>Dincolo de a schimba istoria, iarna lui 1942 a fost resim\u021bit\u0103 puternic \u00een Rom\u00e2nia. Aceasta a fost iarna \u00een care s-a \u00eenregistrat recordul absolut \u00een materie de frig \u00een \u021bara noastr\u0103 \u2013 <strong>minus 38.5 grade Celsius<\/strong>, consemnat\u0103 l\u00e2ng\u0103 Bra\u0219ov. <\/p>\n<p>Pu\u021bine ierni au produs \u00eens\u0103 o impresie at\u00e2t de puternic\u0103 precum a f\u0103cut-o iarna lui 1954, r\u0103mas\u0103 \u00een istorie ca iarna \u201cmarelui viscol\u201d, din cauza z\u0103pezii care a acoperit total capitala Bucure\u0219ti \u0219i cele mai multe dintre localit\u0103\u021bile Rom\u00e2niei din partea de sud.<br \/>\nCu un v\u00e2nt de 126 de kilometri pe or\u0103 \u0219i ninsori abundente, au ap\u0103rut imediat troiene uria\u0219e, unele de peste <strong>5 metri<\/strong> \u00een Bucure\u0219ti. Este \u0219i prima \u201csuper-iarna\u201d televizat\u0103, \u00eentr-o vreme c\u00e2nd ap\u0103ruser\u0103 tot mai multe televizoare. Atunci, autorit\u0103\u021bile chiar au f\u0103cut apel la popula\u021bie pentru a ajuta la desz\u0103pezire. Sunt memorabile pozele \u00een care tramvaiele au re\u00eenceput s\u0103 circule prin adev\u0103rate \u201ctuneluri\u201d s\u0103pate \u00een z\u0103pad\u0103, tuneluri ale c\u0103rora margini dep\u0103\u0219eau \u00een\u0103l\u021bimea mijloacelor de transport. <\/p>\n<p>13 ani mai t\u00e2rziu, \u00een iarna lui 1966-1967, povestea s-a repetat, iar z\u0103pada a ajuns la 3-4 metri \u00een\u0103l\u021bime, astfel \u00eenc\u00e2t \u201ctunelurile\u201d au reap\u0103rut. <\/p>\n<p>O alt\u0103 iarn\u0103 din aceast\u0103 categorie, cea din 1984-1985 nu a fost doar friguroas\u0103, cu temperaturi ce s-au \u201cdus\u201d iar\u0103\u0219i sub -30 de grade, ci \u0219i extrem de lung\u0103, dur\u00e2nd p\u00e2n\u0103 aproape \u00een aprilie. <\/p>\n<p>10 ani mai t\u00e2rziu, \u00een 1995-1996 de\u0219i temperaturile nu au fost at\u00e2t de sc\u0103zute, iarna a durat din 4 noiembrie p\u00e2n\u0103 \u00een 16 aprilie, adic\u0103 p\u00e2n\u0103 de Pa\u0219te, care a c\u0103zut \u00een acea luna atunci. Aceast\u0103 iarn\u0103 a fost un record climatic, fiind iarn\u0103 cu cea mai lung\u0103 durat\u0103 de men\u021binere a stratului de z\u0103pad\u0103, \u00een unele p\u0103rti ale Rom\u00e2niei fiind de <strong>170 de zile<\/strong>.  <\/p>\n<p>\u00cen secolul XXI, \u00een ciuda inc\u0103lzirii globale, nu s-au terminat iernile geroase. Deocamdat\u0103, 2014 de\u021bine recordul la acest capitol, dar secolul e abia la \u00eenceput.<\/p>\n<p><em>Mul\u021bumim tuturor ce au ad\u0103ugat comentarii interesante la acest articol!<\/em><\/p>\n","protected":false},"excerpt":{"rendered":"<p>Rom\u00e2nia nu e str\u0103in\u0103 de iernile foarte geroase. Dac\u0103 acum c\u00e2teva sute de ani erau at\u00e2t de dure \u00eenc\u00e2t \u00eenghe\u021ba p\u00e2n\u0103 \u0219i Dun\u0103rea, nici secolul XX nu a fost unul din care s\u0103 lipseasc\u0103 gerurile n\u0103praznice.<\/p>\n","protected":false},"author":4,"featured_media":0,"comment_status":"open","ping_status":"closed","sticky":false,"template":"","format":"standard","meta":{"footnotes":""},"categories":[10],"tags":[15],"class_list":["post-1412","post","type-post","status-publish","format-standard","hentry","category-editorial","tag-iarna"],"_links":{"self":[{"href":"https:\/\/vremea.ido.ro\/stiri\/wp-json\/wp\/v2\/posts\/1412","targetHints":{"allow":["GET"]}}],"collection":[{"href":"https:\/\/vremea.ido.ro\/stiri\/wp-json\/wp\/v2\/posts"}],"about":[{"href":"https:\/\/vremea.ido.ro\/stiri\/wp-json\/wp\/v2\/types\/post"}],"author":[{"embeddable":true,"href":"https:\/\/vremea.ido.ro\/stiri\/wp-json\/wp\/v2\/users\/4"}],"replies":[{"embeddable":true,"href":"https:\/\/vremea.ido.ro\/stiri\/wp-json\/wp\/v2\/comments?post=1412"}],"version-history":[{"count":10,"href":"https:\/\/vremea.ido.ro\/stiri\/wp-json\/wp\/v2\/posts\/1412\/revisions"}],"predecessor-version":[{"id":5322,"href":"https:\/\/vremea.ido.ro\/stiri\/wp-json\/wp\/v2\/posts\/1412\/revisions\/5322"}],"wp:attachment":[{"href":"https:\/\/vremea.ido.ro\/stiri\/wp-json\/wp\/v2\/media?parent=1412"}],"wp:term":[{"taxonomy":"category","embeddable":true,"href":"https:\/\/vremea.ido.ro\/stiri\/wp-json\/wp\/v2\/categories?post=1412"},{"taxonomy":"post_tag","embeddable":true,"href":"https:\/\/vremea.ido.ro\/stiri\/wp-json\/wp\/v2\/tags?post=1412"}],"curies":[{"name":"wp","href":"https:\/\/api.w.org\/{rel}","templated":true}]}}